{"id":58530,"date":"2025-07-04T08:06:26","date_gmt":"2025-07-04T08:06:26","guid":{"rendered":"https:\/\/www.soniademetz.com\/unkategorisiert\/die-jause-station-gardena-train-stop-an-der-holzschnitzerei-sonia-demetz-ist-wieder-geoeffnet\/"},"modified":"2025-07-04T14:11:00","modified_gmt":"2025-07-04T14:11:00","slug":"die-jause-station-gardena-train-stop-an-der-holzschnitzerei-sonia-demetz-ist-wieder-geoeffnet","status":"publish","type":"post","link":"https:\/\/www.soniademetz.com\/de\/groden-tal\/die-jause-station-gardena-train-stop-an-der-holzschnitzerei-sonia-demetz-ist-wieder-geoeffnet\/","title":{"rendered":"Die Jause Station \u201eGARDENA TRAIN STOP\u201c an der Holzschnitzerei Sonia Demetz ist wieder ge\u00f6ffnet."},"content":{"rendered":"\n<div id=\"wp-block-themeisle-blocks-advanced-columns-77c93cc8\" class=\"wp-block-themeisle-blocks-advanced-columns has-1-columns has-desktop-equal-layout has-tablet-equal-layout has-mobile-equal-layout has-vertical-unset\"><div class=\"wp-block-themeisle-blocks-advanced-columns-overlay\"><\/div><div class=\"innerblocks-wrap\">\n<div id=\"wp-block-themeisle-blocks-advanced-column-370482e3\" class=\"wp-block-themeisle-blocks-advanced-column\">\n<p class=\"has-neve-text-color-color has-text-color wp-block-paragraph\" style=\"font-size:16px\">Die typische Jause Station <strong>GARDENA TRAIN STOP<\/strong> &#8211; ist beim Kunstwerkladen Sonia Demetz wieder ge\u00f6ffnet.<br\/>Solltest du die Gelegenheit haben die historische Trasse der Gr\u00f6dner Bahn entlang zu wandern, dann lade ich dich ein, in <a href=\"https:\/\/maps.app.goo.gl\/2Q6dCck1uLtHhB4D7\" target=\"_blank\" rel=\"noopener\">La Poza &#8211; zwischen Wolkenstein und St. Christina Halt zu machen<\/a>. Dort ist meine Kunstwerkstatt all jenen offen die den Spaziergang genie\u00dfen m\u00f6chten sowie meine Holzkunstwerke bewundern wollen. Anschlie\u00dfend kannst du im Garten des \u201e<strong>GARDENA TRAIN STOP<\/strong>\u201c einen erfrischenden Snack und Eis genie\u00dfen.<\/p>\n\n\n<div class=\"wp-block-image\">\n<figure class=\"aligncenter size-full\"><img data-recalc-dims=\"1\" loading=\"lazy\" decoding=\"async\" width=\"313\" height=\"313\" src=\"https:\/\/i0.wp.com\/www.soniademetz.com\/wp-content\/uploads\/2025\/07\/Testo-del-paragrafo-4.png?resize=313%2C313&#038;ssl=1\" alt=\"Gardena Train Stop - Snacks &amp; Ice\" class=\"wp-image-58550\" srcset=\"https:\/\/i0.wp.com\/www.soniademetz.com\/wp-content\/uploads\/2025\/07\/Testo-del-paragrafo-4.png?w=313&amp;ssl=1 313w, https:\/\/i0.wp.com\/www.soniademetz.com\/wp-content\/uploads\/2025\/07\/Testo-del-paragrafo-4.png?resize=300%2C300&amp;ssl=1 300w, https:\/\/i0.wp.com\/www.soniademetz.com\/wp-content\/uploads\/2025\/07\/Testo-del-paragrafo-4.png?resize=150%2C150&amp;ssl=1 150w, https:\/\/i0.wp.com\/www.soniademetz.com\/wp-content\/uploads\/2025\/07\/Testo-del-paragrafo-4.png?resize=100%2C100&amp;ssl=1 100w\" sizes=\"auto, (max-width: 313px) 100vw, 313px\" \/><\/figure>\n<\/div>\n\n\n<h3 class=\"wp-block-heading has-neve-text-color-color has-text-color has-link-color wp-elements-1\">DIE HOLZLOKOMOTIVE<\/h3>\n\n\n\n<p class=\"has-neve-text-color-color has-text-color has-link-color wp-elements-2 wp-block-paragraph\" style=\"font-size:16px\">Die Jause Station \u201e<strong>GARDENA TRAIN STOP<\/strong>\u201c ist mittlerweile historisch. Sie wurde 1998 entworfen und ist eine vollst\u00e4ndige Kopie aus Holz der sagevollen Lokomotive. Dampfend zog damals die Lock die kleinen Wagons hinter sich her und fuhr direkt vor dem heutigen Kunstgesch\u00e4ft und Jause Station von Sonia Demetz vorbei.<\/p>\n\n\n<div class=\"wp-block-image\">\n<figure class=\"aligncenter size-full\"><img data-recalc-dims=\"1\" loading=\"lazy\" decoding=\"async\" width=\"422\" height=\"281\" src=\"https:\/\/i0.wp.com\/www.soniademetz.com\/wp-content\/uploads\/2025\/07\/Gardena_Train_Selva_Sudtirol.jpg?resize=422%2C281&#038;ssl=1\" alt=\"\" class=\"wp-image-58516\" srcset=\"https:\/\/i0.wp.com\/www.soniademetz.com\/wp-content\/uploads\/2025\/07\/Gardena_Train_Selva_Sudtirol.jpg?w=422&amp;ssl=1 422w, https:\/\/i0.wp.com\/www.soniademetz.com\/wp-content\/uploads\/2025\/07\/Gardena_Train_Selva_Sudtirol.jpg?resize=300%2C200&amp;ssl=1 300w\" sizes=\"auto, (max-width: 422px) 100vw, 422px\" \/><\/figure>\n<\/div>\n\n\n<p class=\"has-neve-text-color-color has-text-color wp-block-paragraph\" style=\"font-size:16px\">Dieser 9,9 km lange Spazierweg f\u00fchrt durch die D\u00f6rfer von St. Ulrich \u2013 St. Christina und Wolkenstein und folgt der Trasse der alten Eisenbahn, er schl\u00e4ngelt sich durch W\u00e4lder und Wiesen und bietet einen gem\u00fctlichen Spaziergang f\u00fcr die ganze Familie.<\/p>\n\n\n\n<h3 class=\"wp-block-heading has-neve-text-color-color has-text-color\">EIN GESCHENK F\u00dcR ALLE &#8222;GARDENA TRAIN STOP&#8220; BESUCHER<\/h3>\n\n\n\n<p class=\"has-neve-text-color-color has-text-color wp-block-paragraph\" style=\"font-size:16px\">F\u00fcr Dich haben wir ein kleines Souvenir aus Holz bereit:<br\/>die Eintragung auf der Webseite zur Newsletter\/LINK und drei Besuche mit Konsumation, die mit Stempel von Sonia Demetz an der Jause Station \u201e<strong>GARDENA TRAIN STOP<\/strong>\u201c best\u00e4tigt werden, berechtigen den Erhalt eines kleinen Souvenirs aus unserem Kunstwerk Laden.<\/p>\n\n\n<div class=\"wp-block-image\">\n<figure class=\"aligncenter size-full\"><img data-recalc-dims=\"1\" loading=\"lazy\" decoding=\"async\" width=\"450\" height=\"600\" src=\"https:\/\/i0.wp.com\/www.soniademetz.com\/wp-content\/uploads\/2025\/07\/gardena_train_snack_ice_selva_bar-1.jpg?resize=450%2C600&#038;ssl=1\" alt=\"\" class=\"wp-image-58519\" srcset=\"https:\/\/i0.wp.com\/www.soniademetz.com\/wp-content\/uploads\/2025\/07\/gardena_train_snack_ice_selva_bar-1.jpg?w=450&amp;ssl=1 450w, https:\/\/i0.wp.com\/www.soniademetz.com\/wp-content\/uploads\/2025\/07\/gardena_train_snack_ice_selva_bar-1.jpg?resize=225%2C300&amp;ssl=1 225w\" sizes=\"auto, (max-width: 450px) 100vw, 450px\" \/><figcaption class=\"wp-element-caption\"><em>Fr\u00fchst\u00fcck mit Blick auf den Langkofel<\/em><\/figcaption><\/figure>\n<\/div>\n\n\n<p class=\"wp-block-paragraph\"><strong>Historischer Hinweis<\/strong>: Die Gr\u00f6dner Bahn startete in Klausen im Eisacktal gleich an der Brennerbahn Strecke. Die Trasse f\u00fchrte hinauf bis nach Plan, dem letzten Weiler am Ende des Gr\u00f6dentales.<br\/>Die Gesamtl\u00e4nge der Schmalspurbahnstrecke auch Bosnische Spur genannt, betrug 34,34 Kilometer bei einer konstanten Steigung von 3 %. Sie wurde 1918 von der \u00d6sterreichisch-Ungarischen Kaisermonarchie K&amp;K erbaut und diente als Verbindung f\u00fcr Kriegsnachschub, sp\u00e4ter f\u00fcr G\u00fctertransporte wie Holzskulpturen und zur touristischen Erschlie\u00dfung unseres Tales. Die letzte Fahrt der Gr\u00f6dner Bahn fand im Jahr 1960 statt.<\/p>\n<\/div>\n<\/div><\/div>\n\n<section id=\"wp-block-themeisle-blocks-advanced-columns-0d958e15\" class=\"wp-block-themeisle-blocks-advanced-columns alignfull has-1-columns has-desktop-equal-layout has-tablet-equal-layout has-mobile-equal-layout has-vertical-center has-light-bg\"><div class=\"wp-block-themeisle-blocks-advanced-columns-overlay\"><\/div><div class=\"innerblocks-wrap\">\n<div id=\"wp-block-themeisle-blocks-advanced-column-56b6a96e\" class=\"wp-block-themeisle-blocks-advanced-column\">\n<h2 class=\"wp-block-heading has-text-align-center has-neve-text-color-color has-text-color\" id=\"vuoi-qualcosa-di-personalizzato-contattami-qui\">M\u00d6CHSTEST DU WEITERE DETAILS ERFAHREN? kontaktiere MICH hier<\/h2>\n\n\n\n<div id=\"wp-block-themeisle-blocks-button-group-dccb6d2d\" class=\"wp-block-themeisle-blocks-button-group wp-block-buttons align-center\">\n<div id=\"wp-block-themeisle-blocks-button-0dd31220\" class=\"wp-block-themeisle-blocks-button wp-block-button\"><a class=\"wp-block-button__link\" href=\"https:\/\/www.soniademetz.com\/de\/kontakt\/\" target=\"_self\" rel=\"noopener noreferrer\">KONTAKTE<\/a><\/div>\n<\/div>\n<\/div>\n<\/div><\/section>\n","protected":false},"excerpt":{"rendered":"<p>Die Jause Station \u201eGARDENA TRAIN STOP\u201c ist mittlerweile historisch. Sie wurde 1998 entworfen und ist eine vollst\u00e4ndige Kopie aus Holz der sagevollen Lokomotive. Dampfend zog damals die Lock die kleinen Wagons hinter sich her und fuhr direkt vor dem heutigen Kunstgesch\u00e4ft und Jause Station von Sonia Demetz vorbei.<\/p>\n","protected":false},"author":1,"featured_media":58521,"comment_status":"closed","ping_status":"open","sticky":false,"template":"","format":"standard","meta":{"neve_meta_sidebar":"","neve_meta_container":"","neve_meta_enable_content_width":"","neve_meta_content_width":0,"neve_meta_title_alignment":"","neve_meta_author_avatar":"","neve_post_elements_order":"","neve_meta_disable_header":"","neve_meta_disable_footer":"","neve_meta_disable_title":"","_mbp_gutenberg_autopost":false,"_themeisle_gutenberg_block_has_review":false,"_jetpack_newsletter_access":"","_jetpack_dont_email_post_to_subs":false,"_jetpack_newsletter_tier_id":0,"_jetpack_memberships_contains_paywalled_content":false,"_jetpack_feature_clip_id":0,"_jetpack_memberships_contains_paid_content":false,"footnotes":"","jetpack_post_was_ever_published":false},"categories":[348],"tags":[],"class_list":["post-58530","post","type-post","status-publish","format-standard","has-post-thumbnail","hentry","category-groden-tal"],"yoast_head":"<!-- This site is optimized with the Yoast SEO plugin v28.3 - https:\/\/yoast.com\/product\/yoast-seo-wordpress\/ -->\n<title>Sonia Demetz - Die Jause Station \u201eGARDENA TRAIN STOP\u201c<\/title>\n<meta name=\"description\" content=\"Die Jause Station \u201eGARDENA TRAIN STOP\u201c ist mittlerweile historisch. Sie wurde 1998 entworfen und ist eine vollst\u00e4ndige Kopie aus Holz der sagevollen Lokomotive. Dampfend zog damals die Lock die kleinen Wagons hinter sich her und fuhr direkt vor dem heutigen Kunstgesch\u00e4ft und Jause Station von Sonia Demetz vorbei.\" \/>\n<meta name=\"robots\" content=\"index, follow, max-snippet:-1, max-image-preview:large, max-video-preview:-1\" \/>\n<link rel=\"canonical\" href=\"https:\/\/www.soniademetz.com\/de\/groden-tal\/die-jause-station-gardena-train-stop-an-der-holzschnitzerei-sonia-demetz-ist-wieder-geoeffnet\/\" \/>\n<meta property=\"og:locale\" content=\"de_DE\" \/>\n<meta property=\"og:type\" content=\"article\" \/>\n<meta property=\"og:title\" content=\"Sonia Demetz - Die Jause Station \u201eGARDENA TRAIN STOP\u201c\" \/>\n<meta property=\"og:description\" content=\"Die Jause Station \u201eGARDENA TRAIN STOP\u201c ist mittlerweile historisch. Sie wurde 1998 entworfen und ist eine vollst\u00e4ndige Kopie aus Holz der sagevollen Lokomotive. Dampfend zog damals die Lock die kleinen Wagons hinter sich her und fuhr direkt vor dem heutigen Kunstgesch\u00e4ft und Jause Station von Sonia Demetz vorbei.\" \/>\n<meta property=\"og:url\" content=\"https:\/\/www.soniademetz.com\/de\/groden-tal\/die-jause-station-gardena-train-stop-an-der-holzschnitzerei-sonia-demetz-ist-wieder-geoeffnet\/\" \/>\n<meta property=\"og:site_name\" content=\"Sonia Demetz\" \/>\n<meta property=\"article:publisher\" content=\"https:\/\/www.facebook.com\/SoniaDemetzWoodArtSculptures\" \/>\n<meta property=\"article:published_time\" content=\"2025-07-04T08:06:26+00:00\" \/>\n<meta property=\"article:modified_time\" content=\"2025-07-04T14:11:00+00:00\" \/>\n<meta property=\"og:image\" content=\"https:\/\/www.soniademetz.com\/wp-content\/uploads\/2025\/07\/gardena_train_snack_ice_selva_bar-1.jpg\" \/>\n\t<meta property=\"og:image:width\" content=\"450\" \/>\n\t<meta property=\"og:image:height\" content=\"600\" \/>\n\t<meta property=\"og:image:type\" content=\"image\/jpeg\" \/>\n<meta name=\"author\" content=\"cipu\" \/>\n<meta name=\"twitter:card\" content=\"summary_large_image\" \/>\n<meta name=\"twitter:label1\" content=\"Verfasst von\" \/>\n\t<meta name=\"twitter:data1\" content=\"cipu\" \/>\n\t<meta name=\"twitter:label2\" content=\"Gesch\u00e4tzte Lesezeit\" \/>\n\t<meta name=\"twitter:data2\" content=\"2\u00a0Minuten\" \/>\n<!-- \/ Yoast SEO plugin. -->","yoast_head_json":{"title":"Sonia Demetz - Die Jause Station \u201eGARDENA TRAIN STOP\u201c","description":"Die Jause Station \u201eGARDENA TRAIN STOP\u201c ist mittlerweile historisch. Sie wurde 1998 entworfen und ist eine vollst\u00e4ndige Kopie aus Holz der sagevollen Lokomotive. Dampfend zog damals die Lock die kleinen Wagons hinter sich her und fuhr direkt vor dem heutigen Kunstgesch\u00e4ft und Jause Station von Sonia Demetz vorbei.","robots":{"index":"index","follow":"follow","max-snippet":"max-snippet:-1","max-image-preview":"max-image-preview:large","max-video-preview":"max-video-preview:-1"},"canonical":"https:\/\/www.soniademetz.com\/de\/groden-tal\/die-jause-station-gardena-train-stop-an-der-holzschnitzerei-sonia-demetz-ist-wieder-geoeffnet\/","og_locale":"de_DE","og_type":"article","og_title":"Sonia Demetz - Die Jause Station \u201eGARDENA TRAIN STOP\u201c","og_description":"Die Jause Station \u201eGARDENA TRAIN STOP\u201c ist mittlerweile historisch. Sie wurde 1998 entworfen und ist eine vollst\u00e4ndige Kopie aus Holz der sagevollen Lokomotive. Dampfend zog damals die Lock die kleinen Wagons hinter sich her und fuhr direkt vor dem heutigen Kunstgesch\u00e4ft und Jause Station von Sonia Demetz vorbei.","og_url":"https:\/\/www.soniademetz.com\/de\/groden-tal\/die-jause-station-gardena-train-stop-an-der-holzschnitzerei-sonia-demetz-ist-wieder-geoeffnet\/","og_site_name":"Sonia Demetz","article_publisher":"https:\/\/www.facebook.com\/SoniaDemetzWoodArtSculptures","article_published_time":"2025-07-04T08:06:26+00:00","article_modified_time":"2025-07-04T14:11:00+00:00","og_image":[{"width":450,"height":600,"url":"https:\/\/www.soniademetz.com\/wp-content\/uploads\/2025\/07\/gardena_train_snack_ice_selva_bar-1.jpg","type":"image\/jpeg"}],"author":"cipu","twitter_card":"summary_large_image","twitter_misc":{"Verfasst von":"cipu","Gesch\u00e4tzte Lesezeit":"2\u00a0Minuten"},"schema":{"@context":"https:\/\/schema.org","@graph":[{"@type":"Article","@id":"https:\/\/www.soniademetz.com\/de\/groden-tal\/die-jause-station-gardena-train-stop-an-der-holzschnitzerei-sonia-demetz-ist-wieder-geoeffnet\/#article","isPartOf":{"@id":"https:\/\/www.soniademetz.com\/de\/groden-tal\/die-jause-station-gardena-train-stop-an-der-holzschnitzerei-sonia-demetz-ist-wieder-geoeffnet\/"},"author":{"name":"cipu","@id":"https:\/\/www.soniademetz.com\/de\/#\/schema\/person\/7cd942c84bb282a9b3bb6a7013bdabf3"},"headline":"Die Jause Station \u201eGARDENA TRAIN STOP\u201c an der Holzschnitzerei Sonia Demetz ist wieder ge\u00f6ffnet.","datePublished":"2025-07-04T08:06:26+00:00","dateModified":"2025-07-04T14:11:00+00:00","mainEntityOfPage":{"@id":"https:\/\/www.soniademetz.com\/de\/groden-tal\/die-jause-station-gardena-train-stop-an-der-holzschnitzerei-sonia-demetz-ist-wieder-geoeffnet\/"},"wordCount":362,"publisher":{"@id":"https:\/\/www.soniademetz.com\/de\/#organization"},"image":{"@id":"https:\/\/www.soniademetz.com\/de\/groden-tal\/die-jause-station-gardena-train-stop-an-der-holzschnitzerei-sonia-demetz-ist-wieder-geoeffnet\/#primaryimage"},"thumbnailUrl":"https:\/\/i0.wp.com\/www.soniademetz.com\/wp-content\/uploads\/2025\/07\/gardena_train_snack_ice_selva_bar-1.jpg?fit=450%2C600&ssl=1","articleSection":["Gr\u00f6den Tal"],"inLanguage":"de"},{"@type":"WebPage","@id":"https:\/\/www.soniademetz.com\/de\/groden-tal\/die-jause-station-gardena-train-stop-an-der-holzschnitzerei-sonia-demetz-ist-wieder-geoeffnet\/","url":"https:\/\/www.soniademetz.com\/de\/groden-tal\/die-jause-station-gardena-train-stop-an-der-holzschnitzerei-sonia-demetz-ist-wieder-geoeffnet\/","name":"Sonia Demetz - Die Jause Station \u201eGARDENA TRAIN STOP\u201c","isPartOf":{"@id":"https:\/\/www.soniademetz.com\/de\/#website"},"primaryImageOfPage":{"@id":"https:\/\/www.soniademetz.com\/de\/groden-tal\/die-jause-station-gardena-train-stop-an-der-holzschnitzerei-sonia-demetz-ist-wieder-geoeffnet\/#primaryimage"},"image":{"@id":"https:\/\/www.soniademetz.com\/de\/groden-tal\/die-jause-station-gardena-train-stop-an-der-holzschnitzerei-sonia-demetz-ist-wieder-geoeffnet\/#primaryimage"},"thumbnailUrl":"https:\/\/i0.wp.com\/www.soniademetz.com\/wp-content\/uploads\/2025\/07\/gardena_train_snack_ice_selva_bar-1.jpg?fit=450%2C600&ssl=1","datePublished":"2025-07-04T08:06:26+00:00","dateModified":"2025-07-04T14:11:00+00:00","description":"Die Jause Station \u201eGARDENA TRAIN STOP\u201c ist mittlerweile historisch. Sie wurde 1998 entworfen und ist eine vollst\u00e4ndige Kopie aus Holz der sagevollen Lokomotive. Dampfend zog damals die Lock die kleinen Wagons hinter sich her und fuhr direkt vor dem heutigen Kunstgesch\u00e4ft und Jause Station von Sonia Demetz vorbei.","breadcrumb":{"@id":"https:\/\/www.soniademetz.com\/de\/groden-tal\/die-jause-station-gardena-train-stop-an-der-holzschnitzerei-sonia-demetz-ist-wieder-geoeffnet\/#breadcrumb"},"inLanguage":"de","potentialAction":[{"@type":"ReadAction","target":["https:\/\/www.soniademetz.com\/de\/groden-tal\/die-jause-station-gardena-train-stop-an-der-holzschnitzerei-sonia-demetz-ist-wieder-geoeffnet\/"]}]},{"@type":"ImageObject","inLanguage":"de","@id":"https:\/\/www.soniademetz.com\/de\/groden-tal\/die-jause-station-gardena-train-stop-an-der-holzschnitzerei-sonia-demetz-ist-wieder-geoeffnet\/#primaryimage","url":"https:\/\/i0.wp.com\/www.soniademetz.com\/wp-content\/uploads\/2025\/07\/gardena_train_snack_ice_selva_bar-1.jpg?fit=450%2C600&ssl=1","contentUrl":"https:\/\/i0.wp.com\/www.soniademetz.com\/wp-content\/uploads\/2025\/07\/gardena_train_snack_ice_selva_bar-1.jpg?fit=450%2C600&ssl=1","width":450,"height":600,"caption":"Sonia Demetz - Gardena Train STOP - Fr\u00fchst\u00fcck - Langkofel"},{"@type":"BreadcrumbList","@id":"https:\/\/www.soniademetz.com\/de\/groden-tal\/die-jause-station-gardena-train-stop-an-der-holzschnitzerei-sonia-demetz-ist-wieder-geoeffnet\/#breadcrumb","itemListElement":[{"@type":"ListItem","position":1,"name":"Home","item":"https:\/\/www.soniademetz.com\/de\/"},{"@type":"ListItem","position":2,"name":"Die Jause Station \u201eGARDENA TRAIN STOP\u201c an der Holzschnitzerei Sonia Demetz ist wieder ge\u00f6ffnet."}]},{"@type":"WebSite","@id":"https:\/\/www.soniademetz.com\/de\/#website","url":"https:\/\/www.soniademetz.com\/de\/","name":"Sonia Demetz","description":"Holzkunst in Gr\u00f6dental","publisher":{"@id":"https:\/\/www.soniademetz.com\/de\/#organization"},"potentialAction":[{"@type":"SearchAction","target":{"@type":"EntryPoint","urlTemplate":"https:\/\/www.soniademetz.com\/de\/?s={search_term_string}"},"query-input":{"@type":"PropertyValueSpecification","valueRequired":true,"valueName":"search_term_string"}}],"inLanguage":"de"},{"@type":"Organization","@id":"https:\/\/www.soniademetz.com\/de\/#organization","name":"Sonia Demetz","url":"https:\/\/www.soniademetz.com\/de\/","logo":{"@type":"ImageObject","inLanguage":"de","@id":"https:\/\/www.soniademetz.com\/de\/#\/schema\/logo\/image\/","url":"https:\/\/i0.wp.com\/www.soniademetz.com\/wp-content\/uploads\/2021\/05\/cropped-Sonia-Demetz-Logo_1.png?fit=1407%2C573&ssl=1","contentUrl":"https:\/\/i0.wp.com\/www.soniademetz.com\/wp-content\/uploads\/2021\/05\/cropped-Sonia-Demetz-Logo_1.png?fit=1407%2C573&ssl=1","width":1407,"height":573,"caption":"Sonia Demetz"},"image":{"@id":"https:\/\/www.soniademetz.com\/de\/#\/schema\/logo\/image\/"},"sameAs":["https:\/\/www.facebook.com\/SoniaDemetzWoodArtSculptures","https:\/\/www.instagram.com\/soniademetz_woodart_sculptures\/"]},{"@type":"Person","@id":"https:\/\/www.soniademetz.com\/de\/#\/schema\/person\/7cd942c84bb282a9b3bb6a7013bdabf3","name":"cipu","sameAs":["http:\/\/www.soniademetz.com"]}]}},"jetpack_sharing_enabled":true,"jetpack_featured_media_url":"https:\/\/i0.wp.com\/www.soniademetz.com\/wp-content\/uploads\/2025\/07\/gardena_train_snack_ice_selva_bar-1.jpg?fit=450%2C600&ssl=1","_links":{"self":[{"href":"https:\/\/www.soniademetz.com\/de\/wp-json\/wp\/v2\/posts\/58530","targetHints":{"allow":["GET"]}}],"collection":[{"href":"https:\/\/www.soniademetz.com\/de\/wp-json\/wp\/v2\/posts"}],"about":[{"href":"https:\/\/www.soniademetz.com\/de\/wp-json\/wp\/v2\/types\/post"}],"author":[{"embeddable":true,"href":"https:\/\/www.soniademetz.com\/de\/wp-json\/wp\/v2\/users\/1"}],"replies":[{"embeddable":true,"href":"https:\/\/www.soniademetz.com\/de\/wp-json\/wp\/v2\/comments?post=58530"}],"version-history":[{"count":8,"href":"https:\/\/www.soniademetz.com\/de\/wp-json\/wp\/v2\/posts\/58530\/revisions"}],"predecessor-version":[{"id":58569,"href":"https:\/\/www.soniademetz.com\/de\/wp-json\/wp\/v2\/posts\/58530\/revisions\/58569"}],"wp:featuredmedia":[{"embeddable":true,"href":"https:\/\/www.soniademetz.com\/de\/wp-json\/wp\/v2\/media\/58521"}],"wp:attachment":[{"href":"https:\/\/www.soniademetz.com\/de\/wp-json\/wp\/v2\/media?parent=58530"}],"wp:term":[{"taxonomy":"category","embeddable":true,"href":"https:\/\/www.soniademetz.com\/de\/wp-json\/wp\/v2\/categories?post=58530"},{"taxonomy":"post_tag","embeddable":true,"href":"https:\/\/www.soniademetz.com\/de\/wp-json\/wp\/v2\/tags?post=58530"}],"curies":[{"name":"wp","href":"https:\/\/api.w.org\/{rel}","templated":true}]}}