{"id":52077,"date":"2024-04-02T12:24:57","date_gmt":"2024-04-02T12:24:57","guid":{"rendered":"https:\/\/www.soniademetz.com\/unkategorisiert\/sd-weihnachtskrippe\/"},"modified":"2024-04-02T12:24:58","modified_gmt":"2024-04-02T12:24:58","slug":"sd-weihnachtskrippe","status":"publish","type":"post","link":"https:\/\/www.soniademetz.com\/de\/sonia-demetz-produkte\/sd-weihnachtskrippe\/","title":{"rendered":"\u201eSD\u201c WEIHNACHTSKRIPPE"},"content":{"rendered":"\n<p>Die \u201eSD\u201c Weihnachtskrippe ist im klassischen Stil aus Ahorn geschnitzt. Ein sehr edles und helles Holz das den Krippenfiguren eine besondere Ausdruckskraft schenkt.<\/p>\n\n<p>Die Figuren sind mit \u00d6lfarben bemalt um eine l\u00e4ngere Farbbest\u00e4ndigkeit zu gew\u00e4hren, auf Wunsch k\u00f6nnen diese auch mit Aquarellfarbe ausgef\u00fchrt werden.&#13;\n&#13;\nDie Darstellungen der Figuren sind vielf\u00e4ltig und auch speziell. Einige Charaktere finden wir nur in dieser SD Weihnachtskrippe, wie zum Beispiel den Hirten mit Dudelsack, den knienden Hirten oder die Sch\u00e4ferin mit dem Krug und Brot.<\/p>\n\n<p>Die SD-Krippe wird in drei Ausf\u00fchrungen angeboten:<\/p>\n\n<ul class=\"wp-block-list\">\n<li>natur<\/li>\n\n\n\n<li>bemalt<\/li>\n\n\n\n<li>mehrt\u00f6nig gebeizt<\/li>\n<\/ul>\n\n<div class=\"wp-block-jetpack-tiled-gallery aligncenter is-style-columns\"><div class=\"tiled-gallery__gallery\"><div class=\"tiled-gallery__row\"><div class=\"tiled-gallery__col\" style=\"flex-basis:29.04685%\"><figure class=\"tiled-gallery__item\"><img decoding=\"async\" srcset=\"https:\/\/i0.wp.com\/www.soniademetz.com\/wp-content\/uploads\/2022\/11\/Presepe_SD_legno_Figure_Val_Gardena-935x1024.jpg?strip=info&#038;w=600&#038;ssl=1 600w,https:\/\/i0.wp.com\/www.soniademetz.com\/wp-content\/uploads\/2022\/11\/Presepe_SD_legno_Figure_Val_Gardena-935x1024.jpg?strip=info&#038;w=900&#038;ssl=1 900w,https:\/\/i0.wp.com\/www.soniademetz.com\/wp-content\/uploads\/2022\/11\/Presepe_SD_legno_Figure_Val_Gardena-935x1024.jpg?strip=info&#038;w=1200&#038;ssl=1 1200w,https:\/\/i0.wp.com\/www.soniademetz.com\/wp-content\/uploads\/2022\/11\/Presepe_SD_legno_Figure_Val_Gardena-935x1024.jpg?strip=info&#038;w=1500&#038;ssl=1 1500w,https:\/\/i0.wp.com\/www.soniademetz.com\/wp-content\/uploads\/2022\/11\/Presepe_SD_legno_Figure_Val_Gardena-935x1024.jpg?strip=info&#038;w=1800&#038;ssl=1 1800w\" alt=\"Presepe da tavolo - Georg - Pastori - Val Gardena - legno\" data-height=\"1972\" data-id=\"41751\" data-link=\"https:\/\/www.soniademetz.com\/presepi-in-legno\/presepe-da-tavolo-georg\/attachment\/presepe_sd_legno_figure_val_gardena\/\" data-url=\"https:\/\/www.soniademetz.com\/wp-content\/uploads\/2022\/11\/Presepe_SD_legno_Figure_Val_Gardena-935x1024.jpg\" data-width=\"1800\" src=\"https:\/\/i0.wp.com\/www.soniademetz.com\/wp-content\/uploads\/2022\/11\/Presepe_SD_legno_Figure_Val_Gardena-935x1024.jpg?ssl=1\" data-amp-layout=\"responsive\"\/><\/figure><\/div><div class=\"tiled-gallery__col\" style=\"flex-basis:23.89011%\"><figure class=\"tiled-gallery__item\"><img decoding=\"async\" srcset=\"https:\/\/i2.wp.com\/www.soniademetz.com\/wp-content\/uploads\/2021\/10\/10110508d-768x1024.jpg?strip=info&#038;w=600&#038;ssl=1 600w,https:\/\/i2.wp.com\/www.soniademetz.com\/wp-content\/uploads\/2021\/10\/10110508d-768x1024.jpg?strip=info&#038;w=900&#038;ssl=1 900w,https:\/\/i2.wp.com\/www.soniademetz.com\/wp-content\/uploads\/2021\/10\/10110508d-768x1024.jpg?strip=info&#038;w=1200&#038;ssl=1 1200w\" alt=\"Presepe SD - sacra famiglia con stella cometa - figure rifinite e pitturate a mano - sculture in legno - Val Gardena\" data-height=\"1600\" data-id=\"25626\" data-link=\"https:\/\/www.soniademetz.com\/?attachment_id=25626\" data-url=\"https:\/\/www.soniademetz.com\/wp-content\/uploads\/2021\/10\/10110508d-768x1024.jpg\" data-width=\"1200\" src=\"https:\/\/i2.wp.com\/www.soniademetz.com\/wp-content\/uploads\/2021\/10\/10110508d-768x1024.jpg?ssl=1\" data-amp-layout=\"responsive\"\/><\/figure><\/div><div class=\"tiled-gallery__col\" style=\"flex-basis:47.06304%\"><figure class=\"tiled-gallery__item\"><img decoding=\"async\" srcset=\"https:\/\/i1.wp.com\/www.soniademetz.com\/wp-content\/uploads\/2021\/10\/Presepe-SD-1-1024x691.jpg?strip=info&#038;w=600&#038;ssl=1 600w,https:\/\/i1.wp.com\/www.soniademetz.com\/wp-content\/uploads\/2021\/10\/Presepe-SD-1-1024x691.jpg?strip=info&#038;w=900&#038;ssl=1 900w,https:\/\/i1.wp.com\/www.soniademetz.com\/wp-content\/uploads\/2021\/10\/Presepe-SD-1-1024x691.jpg?strip=info&#038;w=1200&#038;ssl=1 1200w,https:\/\/i1.wp.com\/www.soniademetz.com\/wp-content\/uploads\/2021\/10\/Presepe-SD-1-1024x691.jpg?strip=info&#038;w=1500&#038;ssl=1 1500w,https:\/\/i1.wp.com\/www.soniademetz.com\/wp-content\/uploads\/2021\/10\/Presepe-SD-1-1024x691.jpg?strip=info&#038;w=1600&#038;ssl=1 1600w\" alt=\"Presepe SD - 3 re Magi - figure rifinite e pitturate a mano - sculture in legno - Val Gardena\" data-height=\"1080\" data-id=\"25066\" data-link=\"https:\/\/www.soniademetz.com\/?attachment_id=25066\" data-url=\"https:\/\/www.soniademetz.com\/wp-content\/uploads\/2021\/10\/Presepe-SD-1-1024x691.jpg\" data-width=\"1600\" src=\"https:\/\/i1.wp.com\/www.soniademetz.com\/wp-content\/uploads\/2021\/10\/Presepe-SD-1-1024x691.jpg?ssl=1\" data-amp-layout=\"responsive\"\/><\/figure><\/div><\/div><\/div><\/div>\r\n\n<h3 class=\"wp-block-heading\">Beleuchtung<\/h3>\n\n<p>Auf Wunsch, kann die SD Krippe mit einer individuellen Beleuchtung ausgestattet werden. Diese Erg\u00e4nzung macht dieses Kunstwerk noch faszinierender und verleiht der Szene eine einzigartige himmlische Feierlichkeit. F\u00fcr einen Salon oder Wohnzimmer sehr geeignet, dort wo es im Schattenlicht der Weihnachtsabende in seiner ganzen Pracht bewundert werden kann.<\/p>\n\n<p>Die Figuren sind in folgenden Gr\u00f6\u00dfen erwerblich: 3 cm, 6 cm, 8 cm, 10 cm, 13 cm, 20 cm.<\/p>\n\n<div class=\"wp-block-columns is-layout-flex wp-container-core-columns-is-layout-9d6595d7 wp-block-columns-is-layout-flex\">\n<div class=\"wp-block-column is-layout-flow wp-block-column-is-layout-flow\"><div class=\"wp-block-image\">\n<figure class=\"aligncenter size-large\"><a href=\"https:\/\/www.soniademetz.com\/de\/produkt-kategorie\/holzkrippen\/sd-krippe\/hl-familie-sd\/\"><img data-recalc-dims=\"1\" loading=\"lazy\" decoding=\"async\" width=\"912\" height=\"1024\" src=\"https:\/\/i0.wp.com\/www.soniademetz.com\/wp-content\/uploads\/2022\/11\/Presepe_SD_legno_Sacra_Famiglia_Val_Gardena_1.jpg?resize=912%2C1024&#038;ssl=1\" alt=\"&quot;SD&quot; Weihnachtskrippe - Heilige Familie - Holz - Gr&#xF6;dental\" class=\"wp-image-41760\" srcset=\"https:\/\/i0.wp.com\/www.soniademetz.com\/wp-content\/uploads\/2022\/11\/Presepe_SD_legno_Sacra_Famiglia_Val_Gardena_1.jpg?resize=912%2C1024&amp;ssl=1 912w, https:\/\/i0.wp.com\/www.soniademetz.com\/wp-content\/uploads\/2022\/11\/Presepe_SD_legno_Sacra_Famiglia_Val_Gardena_1.jpg?resize=267%2C300&amp;ssl=1 267w, https:\/\/i0.wp.com\/www.soniademetz.com\/wp-content\/uploads\/2022\/11\/Presepe_SD_legno_Sacra_Famiglia_Val_Gardena_1.jpg?resize=768%2C863&amp;ssl=1 768w, https:\/\/i0.wp.com\/www.soniademetz.com\/wp-content\/uploads\/2022\/11\/Presepe_SD_legno_Sacra_Famiglia_Val_Gardena_1.jpg?resize=1367%2C1536&amp;ssl=1 1367w, https:\/\/i0.wp.com\/www.soniademetz.com\/wp-content\/uploads\/2022\/11\/Presepe_SD_legno_Sacra_Famiglia_Val_Gardena_1.jpg?resize=1823%2C2048&amp;ssl=1 1823w, https:\/\/i0.wp.com\/www.soniademetz.com\/wp-content\/uploads\/2022\/11\/Presepe_SD_legno_Sacra_Famiglia_Val_Gardena_1.jpg?resize=801%2C900&amp;ssl=1 801w, https:\/\/i0.wp.com\/www.soniademetz.com\/wp-content\/uploads\/2022\/11\/Presepe_SD_legno_Sacra_Famiglia_Val_Gardena_1.jpg?resize=600%2C674&amp;ssl=1 600w, https:\/\/i0.wp.com\/www.soniademetz.com\/wp-content\/uploads\/2022\/11\/Presepe_SD_legno_Sacra_Famiglia_Val_Gardena_1.jpg?w=2400&amp;ssl=1 2400w\" sizes=\"auto, (max-width: 912px) 100vw, 912px\" \/><\/a><\/figure>\n<\/div>\n\n\n<h3 class=\"wp-block-heading has-text-align-center\" id=\"madonne\"><a href=\"https:\/\/www.soniademetz.com\/de\/produkt-kategorie\/holzkrippen\/sd-krippe\/hl-familie-sd\/\">HEILIGE FAMILIE<\/a><\/h3>\n<\/div>\n\n\n\n<div class=\"wp-block-column is-vertically-aligned-center is-layout-flow wp-block-column-is-layout-flow\"><div class=\"wp-block-image\">\n<figure class=\"aligncenter size-large\"><a href=\"https:\/\/www.soniademetz.com\/de\/produkt-kategorie\/holzkrippen\/sd-krippe\/figuren-sd\/\"><img data-recalc-dims=\"1\" loading=\"lazy\" decoding=\"async\" width=\"989\" height=\"1024\" src=\"https:\/\/i0.wp.com\/www.soniademetz.com\/wp-content\/uploads\/2022\/11\/Presepe_SD_legno_Re_Magi_Val_Gardena.jpg?resize=989%2C1024&#038;ssl=1\" alt=\"&quot;SD&quot; Weihnachtskrippe - Heilige 3 K&#xF6;nige - Holz - Gr&#xF6;dental\" class=\"wp-image-41754\" srcset=\"https:\/\/i0.wp.com\/www.soniademetz.com\/wp-content\/uploads\/2022\/11\/Presepe_SD_legno_Re_Magi_Val_Gardena.jpg?resize=989%2C1024&amp;ssl=1 989w, https:\/\/i0.wp.com\/www.soniademetz.com\/wp-content\/uploads\/2022\/11\/Presepe_SD_legno_Re_Magi_Val_Gardena.jpg?resize=290%2C300&amp;ssl=1 290w, https:\/\/i0.wp.com\/www.soniademetz.com\/wp-content\/uploads\/2022\/11\/Presepe_SD_legno_Re_Magi_Val_Gardena.jpg?resize=768%2C795&amp;ssl=1 768w, https:\/\/i0.wp.com\/www.soniademetz.com\/wp-content\/uploads\/2022\/11\/Presepe_SD_legno_Re_Magi_Val_Gardena.jpg?resize=1484%2C1536&amp;ssl=1 1484w, https:\/\/i0.wp.com\/www.soniademetz.com\/wp-content\/uploads\/2022\/11\/Presepe_SD_legno_Re_Magi_Val_Gardena.jpg?resize=870%2C900&amp;ssl=1 870w, https:\/\/i0.wp.com\/www.soniademetz.com\/wp-content\/uploads\/2022\/11\/Presepe_SD_legno_Re_Magi_Val_Gardena.jpg?resize=600%2C621&amp;ssl=1 600w, https:\/\/i0.wp.com\/www.soniademetz.com\/wp-content\/uploads\/2022\/11\/Presepe_SD_legno_Re_Magi_Val_Gardena.jpg?w=1800&amp;ssl=1 1800w\" sizes=\"auto, (max-width: 989px) 100vw, 989px\" \/><\/a><\/figure>\n<\/div>\n\n\n<h3 class=\"wp-block-heading has-text-align-center\" id=\"madonne\"><a href=\"https:\/\/www.soniademetz.com\/de\/produkt-kategorie\/holzkrippen\/sd-krippe\/figuren-sd\/\">KRIPPENFIGUREN<\/a><\/h3>\n<\/div>\n\n\n\n<div class=\"wp-block-column is-layout-flow wp-block-column-is-layout-flow\"><div class=\"wp-block-image\">\n<figure class=\"aligncenter size-large\"><a href=\"https:\/\/www.soniademetz.com\/de\/produkt-kategorie\/holzkrippen\/sd-krippe\/krippen-tiere-sd\/\"><img data-recalc-dims=\"1\" loading=\"lazy\" decoding=\"async\" width=\"1024\" height=\"661\" src=\"https:\/\/i0.wp.com\/www.soniademetz.com\/wp-content\/uploads\/2022\/11\/Presepe_SD_legno_Animali_Val_Gardena.jpg?resize=1024%2C661&#038;ssl=1\" alt=\"&quot;SD&quot; Weihnachtskrippe - Tiere - Holz - Gr&#xF6;dental\" class=\"wp-image-41748\" srcset=\"https:\/\/i0.wp.com\/www.soniademetz.com\/wp-content\/uploads\/2022\/11\/Presepe_SD_legno_Animali_Val_Gardena.jpg?resize=1024%2C661&amp;ssl=1 1024w, https:\/\/i0.wp.com\/www.soniademetz.com\/wp-content\/uploads\/2022\/11\/Presepe_SD_legno_Animali_Val_Gardena.jpg?resize=300%2C194&amp;ssl=1 300w, https:\/\/i0.wp.com\/www.soniademetz.com\/wp-content\/uploads\/2022\/11\/Presepe_SD_legno_Animali_Val_Gardena.jpg?resize=768%2C496&amp;ssl=1 768w, https:\/\/i0.wp.com\/www.soniademetz.com\/wp-content\/uploads\/2022\/11\/Presepe_SD_legno_Animali_Val_Gardena.jpg?resize=1536%2C992&amp;ssl=1 1536w, https:\/\/i0.wp.com\/www.soniademetz.com\/wp-content\/uploads\/2022\/11\/Presepe_SD_legno_Animali_Val_Gardena.jpg?resize=1200%2C775&amp;ssl=1 1200w, https:\/\/i0.wp.com\/www.soniademetz.com\/wp-content\/uploads\/2022\/11\/Presepe_SD_legno_Animali_Val_Gardena.jpg?resize=600%2C387&amp;ssl=1 600w, https:\/\/i0.wp.com\/www.soniademetz.com\/wp-content\/uploads\/2022\/11\/Presepe_SD_legno_Animali_Val_Gardena.jpg?w=1800&amp;ssl=1 1800w\" sizes=\"auto, (max-width: 1024px) 100vw, 1024px\" \/><\/a><\/figure>\n<\/div>\n\n\n<h3 class=\"wp-block-heading has-text-align-center\" id=\"madonne\"><a href=\"https:\/\/www.soniademetz.com\/de\/produkt-kategorie\/holzkrippen\/sd-krippe\/krippen-tiere-sd\/\">TIERE<\/a><\/h3>\n<\/div>\n<\/div>\n\n<h4 class=\"wp-block-heading\">Die SD Weihnachtskrippe besteht aus folgenden Figuren:<\/h4>\n\n<div class=\"wp-block-columns is-layout-flex wp-container-core-columns-is-layout-9d6595d7 wp-block-columns-is-layout-flex\">\n<div class=\"wp-block-column is-layout-flow wp-block-column-is-layout-flow\">\n<ul class=\"wp-block-list\">\n<li>Heilige Familie mit Komet<\/li>\n\n\n\n<li>Heilige Familie<\/li>\n\n\n\n<li>Josef<\/li>\n\n\n\n<li>Jesus Kind<\/li>\n\n\n\n<li>Maria<\/li>\n\n\n\n<li>Esel<\/li>\n\n\n\n<li>OCHS<\/li>\n\n\n\n<li>K\u00f6nig Melchior<\/li>\n\n\n\n<li>K\u00f6nig Caspar<\/li>\n<\/ul>\n<\/div>\n\n\n\n<div class=\"wp-block-column is-layout-flow wp-block-column-is-layout-flow\">\n<ul class=\"wp-block-list\">\n<li>K\u00f6nig Balthasar<\/li>\n\n\n\n<li>Hirte mit Dudelsack<\/li>\n\n\n\n<li>Hirte mit Schaf<\/li>\n\n\n\n<li>Kameltreiber<\/li>\n\n\n\n<li>Kamel<\/li>\n\n\n\n<li>Schaf grasend<\/li>\n\n\n\n<li>Schaf liegend<\/li>\n\n\n\n<li>Schaf mit Lamm<\/li>\n\n\n\n<li>Schaf stehend<\/li>\n<\/ul>\n<\/div>\n\n\n\n<div class=\"wp-block-column is-layout-flow wp-block-column-is-layout-flow\">\n<ul class=\"wp-block-list\">\n<li>Hirte kniend<\/li>\n\n\n\n<li>Sch\u00e4ferin mit Kind<\/li>\n\n\n\n<li>Gloriaengel<\/li>\n\n\n\n<li>Elefant<\/li>\n\n\n\n<li>Pferd<\/li>\n\n\n\n<li>Hirte mit Schaf und Hund<\/li>\n\n\n\n<li>Sch\u00e4ferin mit Krug und Brot<\/li>\n\n\n\n<li>Hirte mit Dudelsack und Hut<\/li>\n\n\n\n<li>Hirte kniend mit Kaninchen<\/li>\n<\/ul>\n<\/div>\n<\/div>\n\n<section id=\"wp-block-themeisle-blocks-advanced-columns-0d958e15\" class=\"wp-block-themeisle-blocks-advanced-columns alignfull has-1-columns has-desktop-equal-layout has-tablet-equal-layout has-mobile-equal-layout has-vertical-center has-light-bg\"><div class=\"wp-block-themeisle-blocks-advanced-columns-overlay\"><\/div><div class=\"innerblocks-wrap\">\n<div id=\"wp-block-themeisle-blocks-advanced-column-56b6a96e\" class=\"wp-block-themeisle-blocks-advanced-column\">\n<h2 class=\"wp-block-heading has-text-align-center has-neve-text-color-color has-text-color\" id=\"vuoi-qualcosa-di-personalizzato-contattami-qui\">AM\u00d6CHSTEST DU WEITERE DETAILS ERFAHREN? kontaktiere MICH hier<\/h2>\n\n\n\n<div id=\"wp-block-themeisle-blocks-button-group-dccb6d2d\" class=\"wp-block-themeisle-blocks-button-group wp-block-buttons align-center\">\n<div id=\"wp-block-themeisle-blocks-button-0dd31220\" class=\"wp-block-themeisle-blocks-button wp-block-button\"><a href=\"https:\/\/www.soniademetz.com\/de\/kontakt\/\" target=\"_self\" rel=\"noopener noreferrer\" class=\"wp-block-button__link\"><span>KONTAKTE<\/span><\/a><\/div>\r\n<\/div>\n<\/div>\n<\/div><\/section>\n","protected":false},"excerpt":{"rendered":"<p>Die \u201eSD\u201c Weihnachtskrippe ist im klassischen Stil aus Ahorn geschnitzt. Ein sehr edles und helles Holz das den Krippenfiguren eine besondere Ausdruckskraft schenkt. Die Figuren sind mit \u00d6lfarben bemalt um eine l\u00e4ngere Farbbest\u00e4ndigkeit zu gew\u00e4hren, auf Wunsch k\u00f6nnen diese auch mit Aquarellfarbe ausgef\u00fchrt werden.&#13; &#13; Die Darstellungen der Figuren sind vielf\u00e4ltig und auch speziell. Einige&hellip;&nbsp;<a href=\"https:\/\/www.soniademetz.com\/de\/sonia-demetz-produkte\/sd-weihnachtskrippe\/\" rel=\"bookmark\">Weiterlesen &raquo;<span class=\"screen-reader-text\">\u201eSD\u201c WEIHNACHTSKRIPPE<\/span><\/a><\/p>\n","protected":false},"author":1,"featured_media":41762,"comment_status":"closed","ping_status":"open","sticky":false,"template":"","format":"standard","meta":{"neve_meta_sidebar":"","neve_meta_container":"","neve_meta_enable_content_width":"","neve_meta_content_width":0,"neve_meta_title_alignment":"","neve_meta_author_avatar":"","neve_post_elements_order":"","neve_meta_disable_header":"","neve_meta_disable_footer":"","neve_meta_disable_title":"","_mbp_gutenberg_autopost":false,"_themeisle_gutenberg_block_has_review":false,"_jetpack_memberships_contains_paid_content":false,"footnotes":""},"categories":[1898],"tags":[445,194,411,443,423,1892,1890,2321],"class_list":["post-52077","post","type-post","status-publish","format-standard","has-post-thumbnail","hentry","category-sonia-demetz-produkte","tag-alto-adige-de","tag-demetz-de","tag-fassmalerei","tag-gardena-de","tag-geschichte","tag-jesus","tag-krippe","tag-weihnachten"],"yoast_head":"<!-- This site is optimized with the Yoast SEO plugin v27.5 - https:\/\/yoast.com\/product\/yoast-seo-wordpress\/ -->\n<title>\u201eSD\u201c WEIHNACHTSKRIPPE - Sonia Demetz - holz - Gr\u00f6dental<\/title>\n<meta name=\"description\" content=\"Die \u201eSD\u201c Weihnachtskrippe ist im klassischen Stil aus Ahorn geschnitzt. Ein sehr edles und helles Holz das den Krippenfiguren eine besondere Ausdruckskraft schenkt.\" \/>\n<meta name=\"robots\" content=\"index, follow, max-snippet:-1, max-image-preview:large, max-video-preview:-1\" \/>\n<link rel=\"canonical\" href=\"https:\/\/www.soniademetz.com\/de\/sonia-demetz-produkte\/sd-weihnachtskrippe\/\" \/>\n<meta property=\"og:locale\" content=\"de_DE\" \/>\n<meta property=\"og:type\" content=\"article\" \/>\n<meta property=\"og:title\" content=\"\u201eSD\u201c WEIHNACHTSKRIPPE - Sonia Demetz - holz - Gr\u00f6dental\" \/>\n<meta property=\"og:description\" content=\"Die \u201eSD\u201c Weihnachtskrippe ist im klassischen Stil aus Ahorn geschnitzt. Ein sehr edles und helles Holz das den Krippenfiguren eine besondere Ausdruckskraft schenkt.\" \/>\n<meta property=\"og:url\" content=\"https:\/\/www.soniademetz.com\/de\/sonia-demetz-produkte\/sd-weihnachtskrippe\/\" \/>\n<meta property=\"og:site_name\" content=\"Sonia Demetz\" \/>\n<meta property=\"article:publisher\" content=\"https:\/\/www.facebook.com\/SoniaDemetzWoodArtSculptures\" \/>\n<meta property=\"article:published_time\" content=\"2024-04-02T12:24:57+00:00\" \/>\n<meta property=\"article:modified_time\" content=\"2024-04-02T12:24:58+00:00\" \/>\n<meta property=\"og:image\" content=\"https:\/\/www.soniademetz.com\/wp-content\/uploads\/2022\/11\/Presepe_SD_legno_Sacra_Famiglia_Val_Gardena_1.jpg\" \/>\n\t<meta property=\"og:image:width\" content=\"2771\" \/>\n\t<meta property=\"og:image:height\" content=\"3113\" \/>\n\t<meta property=\"og:image:type\" content=\"image\/jpeg\" \/>\n<meta name=\"author\" content=\"cipu\" \/>\n<meta name=\"twitter:card\" content=\"summary_large_image\" \/>\n<meta name=\"twitter:label1\" content=\"Verfasst von\" \/>\n\t<meta name=\"twitter:data1\" content=\"cipu\" \/>\n\t<meta name=\"twitter:label2\" content=\"Gesch\u00e4tzte Lesezeit\" \/>\n\t<meta name=\"twitter:data2\" content=\"1\u00a0Minute\" \/>\n<!-- \/ Yoast SEO plugin. -->","yoast_head_json":{"title":"\u201eSD\u201c WEIHNACHTSKRIPPE - Sonia Demetz - holz - Gr\u00f6dental","description":"Die \u201eSD\u201c Weihnachtskrippe ist im klassischen Stil aus Ahorn geschnitzt. Ein sehr edles und helles Holz das den Krippenfiguren eine besondere Ausdruckskraft schenkt.","robots":{"index":"index","follow":"follow","max-snippet":"max-snippet:-1","max-image-preview":"max-image-preview:large","max-video-preview":"max-video-preview:-1"},"canonical":"https:\/\/www.soniademetz.com\/de\/sonia-demetz-produkte\/sd-weihnachtskrippe\/","og_locale":"de_DE","og_type":"article","og_title":"\u201eSD\u201c WEIHNACHTSKRIPPE - Sonia Demetz - holz - Gr\u00f6dental","og_description":"Die \u201eSD\u201c Weihnachtskrippe ist im klassischen Stil aus Ahorn geschnitzt. Ein sehr edles und helles Holz das den Krippenfiguren eine besondere Ausdruckskraft schenkt.","og_url":"https:\/\/www.soniademetz.com\/de\/sonia-demetz-produkte\/sd-weihnachtskrippe\/","og_site_name":"Sonia Demetz","article_publisher":"https:\/\/www.facebook.com\/SoniaDemetzWoodArtSculptures","article_published_time":"2024-04-02T12:24:57+00:00","article_modified_time":"2024-04-02T12:24:58+00:00","og_image":[{"width":2771,"height":3113,"url":"https:\/\/www.soniademetz.com\/wp-content\/uploads\/2022\/11\/Presepe_SD_legno_Sacra_Famiglia_Val_Gardena_1.jpg","type":"image\/jpeg"}],"author":"cipu","twitter_card":"summary_large_image","twitter_misc":{"Verfasst von":"cipu","Gesch\u00e4tzte Lesezeit":"1\u00a0Minute"},"schema":{"@context":"https:\/\/schema.org","@graph":[{"@type":"Article","@id":"https:\/\/www.soniademetz.com\/de\/sonia-demetz-produkte\/sd-weihnachtskrippe\/#article","isPartOf":{"@id":"https:\/\/www.soniademetz.com\/de\/sonia-demetz-produkte\/sd-weihnachtskrippe\/"},"author":{"name":"cipu","@id":"https:\/\/www.soniademetz.com\/de\/#\/schema\/person\/7cd942c84bb282a9b3bb6a7013bdabf3"},"headline":"\u201eSD\u201c WEIHNACHTSKRIPPE","datePublished":"2024-04-02T12:24:57+00:00","dateModified":"2024-04-02T12:24:58+00:00","mainEntityOfPage":{"@id":"https:\/\/www.soniademetz.com\/de\/sonia-demetz-produkte\/sd-weihnachtskrippe\/"},"wordCount":255,"publisher":{"@id":"https:\/\/www.soniademetz.com\/de\/#organization"},"image":{"@id":"https:\/\/www.soniademetz.com\/de\/sonia-demetz-produkte\/sd-weihnachtskrippe\/#primaryimage"},"thumbnailUrl":"https:\/\/i0.wp.com\/www.soniademetz.com\/wp-content\/uploads\/2022\/11\/Presepe_SD_legno_Sacra_Famiglia_Val_Gardena_1.jpg?fit=2771%2C3113&ssl=1","keywords":["alto adige","demetz","Fassmalerei","gardena","Geschichte","Jesus","Krippe","Weihnachten"],"articleSection":["Sonia Demetz Produkte"],"inLanguage":"de"},{"@type":"WebPage","@id":"https:\/\/www.soniademetz.com\/de\/sonia-demetz-produkte\/sd-weihnachtskrippe\/","url":"https:\/\/www.soniademetz.com\/de\/sonia-demetz-produkte\/sd-weihnachtskrippe\/","name":"\u201eSD\u201c WEIHNACHTSKRIPPE - Sonia Demetz - holz - Gr\u00f6dental","isPartOf":{"@id":"https:\/\/www.soniademetz.com\/de\/#website"},"primaryImageOfPage":{"@id":"https:\/\/www.soniademetz.com\/de\/sonia-demetz-produkte\/sd-weihnachtskrippe\/#primaryimage"},"image":{"@id":"https:\/\/www.soniademetz.com\/de\/sonia-demetz-produkte\/sd-weihnachtskrippe\/#primaryimage"},"thumbnailUrl":"https:\/\/i0.wp.com\/www.soniademetz.com\/wp-content\/uploads\/2022\/11\/Presepe_SD_legno_Sacra_Famiglia_Val_Gardena_1.jpg?fit=2771%2C3113&ssl=1","datePublished":"2024-04-02T12:24:57+00:00","dateModified":"2024-04-02T12:24:58+00:00","description":"Die \u201eSD\u201c Weihnachtskrippe ist im klassischen Stil aus Ahorn geschnitzt. Ein sehr edles und helles Holz das den Krippenfiguren eine besondere Ausdruckskraft schenkt.","breadcrumb":{"@id":"https:\/\/www.soniademetz.com\/de\/sonia-demetz-produkte\/sd-weihnachtskrippe\/#breadcrumb"},"inLanguage":"de","potentialAction":[{"@type":"ReadAction","target":["https:\/\/www.soniademetz.com\/de\/sonia-demetz-produkte\/sd-weihnachtskrippe\/"]}]},{"@type":"ImageObject","inLanguage":"de","@id":"https:\/\/www.soniademetz.com\/de\/sonia-demetz-produkte\/sd-weihnachtskrippe\/#primaryimage","url":"https:\/\/i0.wp.com\/www.soniademetz.com\/wp-content\/uploads\/2022\/11\/Presepe_SD_legno_Sacra_Famiglia_Val_Gardena_1.jpg?fit=2771%2C3113&ssl=1","contentUrl":"https:\/\/i0.wp.com\/www.soniademetz.com\/wp-content\/uploads\/2022\/11\/Presepe_SD_legno_Sacra_Famiglia_Val_Gardena_1.jpg?fit=2771%2C3113&ssl=1","width":2771,"height":3113,"caption":"Presepe da tavolo - Georg - Sacra Famiglia - Val Gardena - legno"},{"@type":"BreadcrumbList","@id":"https:\/\/www.soniademetz.com\/de\/sonia-demetz-produkte\/sd-weihnachtskrippe\/#breadcrumb","itemListElement":[{"@type":"ListItem","position":1,"name":"Home","item":"https:\/\/www.soniademetz.com\/de\/"},{"@type":"ListItem","position":2,"name":"\u201eSD\u201c WEIHNACHTSKRIPPE"}]},{"@type":"WebSite","@id":"https:\/\/www.soniademetz.com\/de\/#website","url":"https:\/\/www.soniademetz.com\/de\/","name":"Sonia Demetz","description":"Holzkunst in Gr\u00f6dental","publisher":{"@id":"https:\/\/www.soniademetz.com\/de\/#organization"},"potentialAction":[{"@type":"SearchAction","target":{"@type":"EntryPoint","urlTemplate":"https:\/\/www.soniademetz.com\/de\/?s={search_term_string}"},"query-input":{"@type":"PropertyValueSpecification","valueRequired":true,"valueName":"search_term_string"}}],"inLanguage":"de"},{"@type":"Organization","@id":"https:\/\/www.soniademetz.com\/de\/#organization","name":"Sonia Demetz","url":"https:\/\/www.soniademetz.com\/de\/","logo":{"@type":"ImageObject","inLanguage":"de","@id":"https:\/\/www.soniademetz.com\/de\/#\/schema\/logo\/image\/","url":"https:\/\/i0.wp.com\/www.soniademetz.com\/wp-content\/uploads\/2021\/05\/cropped-Sonia-Demetz-Logo_1.png?fit=1407%2C573&ssl=1","contentUrl":"https:\/\/i0.wp.com\/www.soniademetz.com\/wp-content\/uploads\/2021\/05\/cropped-Sonia-Demetz-Logo_1.png?fit=1407%2C573&ssl=1","width":1407,"height":573,"caption":"Sonia Demetz"},"image":{"@id":"https:\/\/www.soniademetz.com\/de\/#\/schema\/logo\/image\/"},"sameAs":["https:\/\/www.facebook.com\/SoniaDemetzWoodArtSculptures","https:\/\/www.instagram.com\/soniademetz_woodart_sculptures\/"]},{"@type":"Person","@id":"https:\/\/www.soniademetz.com\/de\/#\/schema\/person\/7cd942c84bb282a9b3bb6a7013bdabf3","name":"cipu","sameAs":["http:\/\/www.soniademetz.com"]}]}},"jetpack_featured_media_url":"https:\/\/i0.wp.com\/www.soniademetz.com\/wp-content\/uploads\/2022\/11\/Presepe_SD_legno_Sacra_Famiglia_Val_Gardena_1.jpg?fit=2771%2C3113&ssl=1","jetpack_sharing_enabled":true,"_links":{"self":[{"href":"https:\/\/www.soniademetz.com\/de\/wp-json\/wp\/v2\/posts\/52077","targetHints":{"allow":["GET"]}}],"collection":[{"href":"https:\/\/www.soniademetz.com\/de\/wp-json\/wp\/v2\/posts"}],"about":[{"href":"https:\/\/www.soniademetz.com\/de\/wp-json\/wp\/v2\/types\/post"}],"author":[{"embeddable":true,"href":"https:\/\/www.soniademetz.com\/de\/wp-json\/wp\/v2\/users\/1"}],"replies":[{"embeddable":true,"href":"https:\/\/www.soniademetz.com\/de\/wp-json\/wp\/v2\/comments?post=52077"}],"version-history":[{"count":1,"href":"https:\/\/www.soniademetz.com\/de\/wp-json\/wp\/v2\/posts\/52077\/revisions"}],"predecessor-version":[{"id":52078,"href":"https:\/\/www.soniademetz.com\/de\/wp-json\/wp\/v2\/posts\/52077\/revisions\/52078"}],"wp:featuredmedia":[{"embeddable":true,"href":"https:\/\/www.soniademetz.com\/de\/wp-json\/wp\/v2\/media\/41762"}],"wp:attachment":[{"href":"https:\/\/www.soniademetz.com\/de\/wp-json\/wp\/v2\/media?parent=52077"}],"wp:term":[{"taxonomy":"category","embeddable":true,"href":"https:\/\/www.soniademetz.com\/de\/wp-json\/wp\/v2\/categories?post=52077"},{"taxonomy":"post_tag","embeddable":true,"href":"https:\/\/www.soniademetz.com\/de\/wp-json\/wp\/v2\/tags?post=52077"}],"curies":[{"name":"wp","href":"https:\/\/api.w.org\/{rel}","templated":true}]}}